{"id":641,"date":"2024-11-26T13:30:19","date_gmt":"2024-11-26T12:30:19","guid":{"rendered":"https:\/\/aproban.hu\/?p=641"},"modified":"2024-11-26T13:30:19","modified_gmt":"2024-11-26T12:30:19","slug":"iphone-15-pro-128gb-gyari-fuggetlen-2027-04-11-apple-jotallas-megkimelt-nevre-szolo-szamlaval","status":"publish","type":"post","link":"https:\/\/aproban.hu\/?p=641","title":{"rendered":"iPhone 15 Pro 128GB gy\u00e1ri f\u00fcggetlen 2027.04.11.Apple j\u00f3t\u00e1ll\u00e1s megk\u00edm\u00e9lt n\u00e9vre sz\u00f3l\u00f3 sz\u00e1ml\u00e1val"},"content":{"rendered":"<p> \t\t\t\tSz\u00e9p, megk\u00edm\u00e9lt \u00e1llapot\u00fa k\u00e9sz\u00fcl\u00e9k. A kijelz\u0151n egy nagyon pici karc van, de most egy min\u0151s\u00e9gi \u00fcvegf\u00f3lia van rajta ami 100%-ig eltakarja.Akku gy\u00e1ri 100%M\u00e9dia Markt v\u00e1s\u00e1rl\u00e1s 2027.04.11-ig gy\u00e1rt\u00f3i j\u00f3t\u00e1ll\u00e1s van a k\u00e9sz\u00fcl\u00e9kre.A k\u00e9sz\u00fcl\u00e9ket imm\u00e1ron c\u00e9gt\u0151l v\u00e1s\u00e1rolod meg, n\u00e9vre sz\u00f3l\u00f3 sz\u00e1ml\u00e1val j\u00f3t\u00e1ll\u00e1ssal, \u00edgy 100%-ig bebiztos\u00edtva \u00e9rezheted magadat, a k\u00e9s\u0151bbiekben is seg\u00edts\u00e9get kapsz t\u0151l\u00fcnk esetleges probl\u00e9ma eset\u00e9n.R\u00e9gi k\u00e9sz\u00fcl\u00e9ked adataid \u00e1tm\u00e1sol\u00e1sa is megoldhat\u00f3, 10 percet nem meghalad\u00f3 adat m\u00e1sol\u00e1s est\u00e9n ingyenes, amennyiben t\u00f6bb id\u0151t vesz ig\u00e9nybe \u00fagy 10.000 Ft a k\u00f6lts\u00e9ge.Tok \u00e9s \u00fcvegf\u00f3lia is megv\u00e1s\u00e1rolhat\u00f3 6000 Ft-\u00e9rt.Fix \u00e1ron!!!+36307353874\u00dcdv\u00f6zlettel, Zi-Phone Kft \t\t\t<\/p>\n","protected":false},"excerpt":{"rendered":"<p>Sz\u00e9p, megk\u00edm\u00e9lt \u00e1llapot\u00fa k\u00e9sz\u00fcl\u00e9k. A kijelz\u0151n egy nagyon pici karc van, de most egy min\u0151s\u00e9gi \u00fcvegf\u00f3lia van rajta ami 100%-ig eltakarja.Akku gy\u00e1ri 100%M\u00e9dia Markt v\u00e1s\u00e1rl\u00e1s 2027.04.11-ig gy\u00e1rt\u00f3i j\u00f3t\u00e1ll\u00e1s van a k\u00e9sz\u00fcl\u00e9kre.A k\u00e9sz\u00fcl\u00e9ket imm\u00e1ron c\u00e9gt\u0151l v\u00e1s\u00e1rolod meg, n\u00e9vre sz\u00f3l\u00f3 sz\u00e1ml\u00e1val j\u00f3t\u00e1ll\u00e1ssal, \u00edgy 100%-ig bebiztos\u00edtva \u00e9rezheted magadat, a k\u00e9s\u0151bbiekben is seg\u00edts\u00e9get kapsz t\u0151l\u00fcnk esetleges probl\u00e9ma eset\u00e9n.R\u00e9gi k\u00e9sz\u00fcl\u00e9ked [&#8230;]<\/p>\n","protected":false},"author":0,"featured_media":0,"comment_status":"open","ping_status":"open","sticky":false,"template":"","format":"standard","meta":{"_acf_changed":false,"footnotes":""},"categories":[77,76],"tags":[],"class_list":["post-641","post","type-post","status-publish","format-standard","hentry","category-iphone","category-telefon"],"acf":[],"_links":{"self":[{"href":"https:\/\/aproban.hu\/index.php?rest_route=\/wp\/v2\/posts\/641","targetHints":{"allow":["GET"]}}],"collection":[{"href":"https:\/\/aproban.hu\/index.php?rest_route=\/wp\/v2\/posts"}],"about":[{"href":"https:\/\/aproban.hu\/index.php?rest_route=\/wp\/v2\/types\/post"}],"replies":[{"embeddable":true,"href":"https:\/\/aproban.hu\/index.php?rest_route=%2Fwp%2Fv2%2Fcomments&post=641"}],"version-history":[{"count":0,"href":"https:\/\/aproban.hu\/index.php?rest_route=\/wp\/v2\/posts\/641\/revisions"}],"wp:attachment":[{"href":"https:\/\/aproban.hu\/index.php?rest_route=%2Fwp%2Fv2%2Fmedia&parent=641"}],"wp:term":[{"taxonomy":"category","embeddable":true,"href":"https:\/\/aproban.hu\/index.php?rest_route=%2Fwp%2Fv2%2Fcategories&post=641"},{"taxonomy":"post_tag","embeddable":true,"href":"https:\/\/aproban.hu\/index.php?rest_route=%2Fwp%2Fv2%2Ftags&post=641"}],"curies":[{"name":"wp","href":"https:\/\/api.w.org\/{rel}","templated":true}]}}