{"id":632,"date":"2024-08-30T13:30:00","date_gmt":"2024-08-30T12:30:00","guid":{"rendered":"https:\/\/aproban.hu\/?p=632"},"modified":"2024-08-30T13:30:06","modified_gmt":"2024-08-30T12:30:06","slug":"iphone-ipad-apple-watch-airpods-felvasarlas-akar-azonnal-elofizeteses-is-36307353874","status":"publish","type":"post","link":"https:\/\/aproban.hu\/?p=632","title":{"rendered":"iPhone, iPad, Apple Watch, Airpods felv\u00e1s\u00e1rl\u00e1s! Ak\u00e1r azonnal! El\u0151fizet\u00e9ses is! +36307353874"},"content":{"rendered":"<p> \t\t\t\tApple k\u00e9sz\u00fcl\u00e9kek felv\u00e1s\u00e1rl\u00e1sa!Budapest ter\u00fclet\u00e9n bel\u00fcl !H\u00e9tv\u00e9g\u00e9n, \u00e9s ak\u00e1r munkasz\u00fcneti napon is! Kev\u00e9s komplik\u00e1ci\u00f3, gyors k\u00e9szp\u00e9nz! Vas\u00e1rnap k\u00e9rlek priv\u00e1tot vagy SMS-t \u00edrj, munkasz\u00fcneti napon is ha nem lenn\u00e9k bekapcsolva!El\u0151fizet\u00e9ses k\u00e9sz\u00fcl\u00e9keket is!!!Nagyobb t\u00e9telben, is venn\u00e9k k\u00e9sz\u00fcl\u00e9ket folyamatosan ak\u00e1r c\u00e9gekt\u0151l leselejtez\u00e9s \u00fatj\u00e1n, flott\u00e1ba stb. iPhone:- Telekomos\/ Gy\u00e1ri f\u00fcggetlen -T\u00f6r\u00f6tt h\u00e1tlapos, Kijelz\u0151s!- Telenor, Vodafone f\u00fcgg\u0151, nyomottabb \u00e1ron!El\u0151fizet\u00e9ses is!!! Apple watch :series 5 , 6, 7, 8, 9, SE, SE2 t\u00f6r\u00f6tt, \u00e1zott, cs\u00edkos kijelz\u0151vel is! 2 \u00e9ves korig!!iPad 6gen-t\u0151l az \u00f6sszes modell!AirPods 2, Pro, Airpods 3 (ha hib\u00e1s valamelyik f\u00fcles nem sz\u00f3l, akkor is \u00e9rdekel!)Apple tv! 3,4, 4kMacbook Air, Pro 2017-t\u0151lApple Pencil els\u0151 \u00e9s m\u00e1sodik gener\u00e1ci\u00f3. Kiz\u00e1r\u00f3lag garis!!!Aj\u00e1nlott a k\u00e9sz\u00fcl\u00e9kr\u0151l min\u00e9l t\u00f6bb inform\u00e1ci\u00f3t \u00e9rdemes le\u00edrni , \u00e1llapot, akku kapacit\u00e1s, f\u00fcgg\u0151s\u00e9g, stb. \u00c1tv\u00e9tel: Budapest + agglomer\u00e1ci\u00f3Posta \u00faton is megoldhat\u00f3 az ad\u00e1s-v\u00e9tel, de el\u0151re senkinek nem utalok! A term\u00e9k tesztel\u00e9se ut\u00e1n k\u00fcld\u00f6m a v\u00e9tel\u00e1rat. 2200+os partner vagyok!XXI.XXII. XXIII. ker\u00fcleti tal\u00e1lkoz\u00f3 eset\u00e9n id\u0151pont egyeztet\u00e9s sz\u00fcks\u00e9ges!\ud83d\udcf1+36307353874 \u2709\ufe0fapplevasarlo@gmail.comKeresek, venn\u00e9k, megveszem, felv\u00e1s\u00e1rl\u00e1s, el\u0151fizet\u00e9ses, t\u00f6r\u00f6tt Apple Watch, ipad, Telenor, Vodafone, Telekom, Tov\u00e1bbi szolg\u00e1ltat\u00e1sok:T\u00f6r\u00f6tt Apple watch csere programja !Apple Watch Sz\u00edj baz\u00e1r!Pol\u00edroz\u00e1s!L\u00e9gy kreat\u00edv! Ne lopd el a hirdet\u00e9s sz\u00f6veg\u00e9t! \t\t\t<\/p>\n","protected":false},"excerpt":{"rendered":"<p>Apple k\u00e9sz\u00fcl\u00e9kek felv\u00e1s\u00e1rl\u00e1sa!Budapest ter\u00fclet\u00e9n bel\u00fcl !H\u00e9tv\u00e9g\u00e9n, \u00e9s ak\u00e1r munkasz\u00fcneti napon is! Kev\u00e9s komplik\u00e1ci\u00f3, gyors k\u00e9szp\u00e9nz! Vas\u00e1rnap k\u00e9rlek priv\u00e1tot vagy SMS-t \u00edrj, munkasz\u00fcneti napon is ha nem lenn\u00e9k bekapcsolva!El\u0151fizet\u00e9ses k\u00e9sz\u00fcl\u00e9keket is!!!Nagyobb t\u00e9telben, is venn\u00e9k k\u00e9sz\u00fcl\u00e9ket folyamatosan ak\u00e1r c\u00e9gekt\u0151l leselejtez\u00e9s \u00fatj\u00e1n, flott\u00e1ba stb. iPhone:- Telekomos\/ Gy\u00e1ri f\u00fcggetlen -T\u00f6r\u00f6tt h\u00e1tlapos, Kijelz\u0151s!- Telenor, Vodafone f\u00fcgg\u0151, nyomottabb \u00e1ron!El\u0151fizet\u00e9ses is!!! Apple [&#8230;]<\/p>\n","protected":false},"author":1,"featured_media":633,"comment_status":"open","ping_status":"open","sticky":false,"template":"","format":"standard","meta":{"_acf_changed":false,"footnotes":""},"categories":[77,76],"tags":[],"class_list":["post-632","post","type-post","status-publish","format-standard","has-post-thumbnail","hentry","category-iphone","category-telefon"],"acf":[],"_links":{"self":[{"href":"https:\/\/aproban.hu\/index.php?rest_route=\/wp\/v2\/posts\/632","targetHints":{"allow":["GET"]}}],"collection":[{"href":"https:\/\/aproban.hu\/index.php?rest_route=\/wp\/v2\/posts"}],"about":[{"href":"https:\/\/aproban.hu\/index.php?rest_route=\/wp\/v2\/types\/post"}],"author":[{"embeddable":true,"href":"https:\/\/aproban.hu\/index.php?rest_route=\/wp\/v2\/users\/1"}],"replies":[{"embeddable":true,"href":"https:\/\/aproban.hu\/index.php?rest_route=%2Fwp%2Fv2%2Fcomments&post=632"}],"version-history":[{"count":1,"href":"https:\/\/aproban.hu\/index.php?rest_route=\/wp\/v2\/posts\/632\/revisions"}],"predecessor-version":[{"id":634,"href":"https:\/\/aproban.hu\/index.php?rest_route=\/wp\/v2\/posts\/632\/revisions\/634"}],"wp:featuredmedia":[{"embeddable":true,"href":"https:\/\/aproban.hu\/index.php?rest_route=\/wp\/v2\/media\/633"}],"wp:attachment":[{"href":"https:\/\/aproban.hu\/index.php?rest_route=%2Fwp%2Fv2%2Fmedia&parent=632"}],"wp:term":[{"taxonomy":"category","embeddable":true,"href":"https:\/\/aproban.hu\/index.php?rest_route=%2Fwp%2Fv2%2Fcategories&post=632"},{"taxonomy":"post_tag","embeddable":true,"href":"https:\/\/aproban.hu\/index.php?rest_route=%2Fwp%2Fv2%2Ftags&post=632"}],"curies":[{"name":"wp","href":"https:\/\/api.w.org\/{rel}","templated":true}]}}